[{"@context":"https:\/\/schema.org\/","@type":"Article","@id":"https:\/\/www.tutumi.cz\/co-treba-pronajem-skladovych-kontejneru\/#Article","mainEntityOfPage":"https:\/\/www.tutumi.cz\/co-treba-pronajem-skladovych-kontejneru\/","headline":"Co t\u0159eba pron\u00e1jem skladov\u00fdch kontejner\u016f?","name":"Co t\u0159eba pron\u00e1jem skladov\u00fdch kontejner\u016f?","description":"Pokud si dnes \u010dlov\u011bk nechce pronaj\u00edmat sklad, proto\u017ee m\u00e1 pocit, \u017ee i ten nejv\u011bt\u0161\u00ed sklad je pro dan\u00e9ho \u010dlov\u011bka mal\u00fd, [&hellip;]","datePublished":"2023-03-25","dateModified":"2023-06-16","author":{"@type":"Person","@id":"https:\/\/www.tutumi.cz\/author\/devene\/#Person","name":"devene","url":"https:\/\/www.tutumi.cz\/author\/devene\/","identifier":1,"image":{"@type":"ImageObject","@id":"https:\/\/secure.gravatar.com\/avatar\/831abbcc684823965c5caa39ae4561083127c8aedfe9e524c6cecc176998c733?s=96&d=mm&r=g","url":"https:\/\/secure.gravatar.com\/avatar\/831abbcc684823965c5caa39ae4561083127c8aedfe9e524c6cecc176998c733?s=96&d=mm&r=g","height":96,"width":96}},"publisher":{"@type":"Organization","name":"tutumi.cz","logo":{"@type":"ImageObject","@id":"\/logo.png","url":"\/logo.png","width":600,"height":60}},"image":{"@type":"ImageObject","@id":"https:\/\/www.tutumi.cz\/wp-content\/uploads\/kont_1.JPG","url":"https:\/\/www.tutumi.cz\/wp-content\/uploads\/kont_1.JPG","height":0,"width":0},"url":"https:\/\/www.tutumi.cz\/co-treba-pronajem-skladovych-kontejneru\/","about":["Www"],"wordCount":404,"articleBody":"   Pokud si dnes \u010dlov\u011bk nechce pronaj\u00edmat sklad, proto\u017ee m\u00e1 pocit, \u017ee i ten nejv\u011bt\u0161\u00ed sklad je pro dan\u00e9ho \u010dlov\u011bka mal\u00fd, pak pokud si m\u016f\u017eete klidn\u011b n\u011bco pronajmout, jsou to skladov\u00e9 kontejnery. Je mo\u017en\u00e9, \u017ee by v\u00e1m mohlo n\u011bco takov\u00e9ho pln\u011b vyhovovat. Rozhodn\u011b je mo\u017en\u00e9 si dnes n\u011bco takov\u00e9ho pronajmout, ale \u010dlov\u011bk mus\u00ed zjistit, kde sehnat kontakt na spole\u010dnost, kter\u00e1 n\u011bco takov\u00e9ho poskytuje. Ur\u010dit\u011b se i v\u00e1m poda\u0159\u00ed sehnat kontakt na spole\u010dnost, kter\u00e1 v\u00e1m n\u011bco takov\u00e9ho poskytne. Pron\u00e1jem skladov\u00fdch kontejner\u016f rozhodn\u011b nen\u00ed a\u017e tak \u0161patn\u00fd n\u00e1pad, jak by se mohlo zd\u00e1t.Uvid\u00edte, \u017ee se najde n\u011bco, co by v\u00e1s mohlo mile p\u0159ekvapit, proto\u017ee do dan\u00e9ho kontejneru budete schopni um\u00edstit v\u0161e, co pot\u0159ebujete. Jestli\u017ee je n\u011bco, co mnoh\u00e9 od takov\u00fdch kontejner\u016f odrazuje, pak je to jejich vzhled. \u010clov\u011bk mus\u00ed po\u010d\u00edtat s t\u00edm, \u017ee n\u011bco takov\u00e9ho opravdu nemus\u00ed na prvn\u00ed pohled vypadat dob\u0159e, ale mnohdy nem\u00e1 n\u011bco takov\u00e9ho na funkci v\u016fbec \u017e\u00e1dn\u00fd vliv. Vzhledem k tomu, \u017ee bude dan\u00fd kontejner jen pronajat\u00fd, by \u010dlov\u011bk nem\u011bl d\u011blat \u017e\u00e1dn\u00e9 v\u011bt\u0161\u00ed z\u00e1sahy bez toho, ani\u017e by o nich informoval majitele. Je mo\u017en\u00e9, \u017ee i kdy\u017e to budete myslet dob\u0159e a nechali byste kontejner p\u0159ebarvit, nemusel by z toho b\u00fdt majitel nad\u0161en\u00fd.I u takov\u00fdch v\u011bc\u00ed je pot\u0159eba se s majitelem o n\u011b\u010dem takov\u00e9m poradit, proto\u017ee by se klidn\u011b mohlo st\u00e1t, \u017ee byste je\u0161t\u011b museli platit n\u011bjakou pokutu a to rozhodn\u011b nikomu neud\u011bl\u00e1 radost. Zejm\u00e9na s majiteli dan\u00fdch v\u011bc\u00ed je dobr\u00e9 komunikovat a to u\u017e jen proto, aby to nedo\u0161lo tak daleko, \u017ee byste opravdu platili pokuty. Z n\u011b\u010deho takov\u00e9ho by jist\u011b \u010dlov\u011bk radost nem\u011bl a to u\u017e jen proto, \u017ee n\u011bco takov\u00e9ho opravdu nemus\u00ed b\u00fdt jen p\u00e1r korun. Nikdo by se nem\u011bl zbyte\u010dn\u011b dostat do probl\u00e9m\u016f a to ani vy ne. Je proto dobr\u00e9 d\u00e1vat si velk\u00fd pozor na to, co d\u011bl\u00e1te nebo ned\u011bl\u00e1te, aby to neskon\u010dilo tak, \u017ee se rozhodnete, \u017ee u\u017e si nikdy nic nepronajmete.                                                                                                                                                                                                                                                                                                                                                                                          4.3\/5 - (10 votes)        "},{"@context":"https:\/\/schema.org\/","@type":"BreadcrumbList","itemListElement":[{"@type":"ListItem","position":1,"name":"Co t\u0159eba pron\u00e1jem skladov\u00fdch kontejner\u016f?","item":"https:\/\/www.tutumi.cz\/co-treba-pronajem-skladovych-kontejneru\/#breadcrumbitem"}]}]