[{"@context":"https:\/\/schema.org\/","@type":"Article","@id":"https:\/\/www.tutumi.cz\/grande-paolo-ceska-fotbalova-legenda-ktera-si-podmanila-italii\/#Article","mainEntityOfPage":"https:\/\/www.tutumi.cz\/grande-paolo-ceska-fotbalova-legenda-ktera-si-podmanila-italii\/","headline":"Grande Paolo \u2013 \u010desk\u00e1 fotbalov\u00e1 legenda, kter\u00e1 si podmanila It\u00e1lii","name":"Grande Paolo \u2013 \u010desk\u00e1 fotbalov\u00e1 legenda, kter\u00e1 si podmanila It\u00e1lii","description":"M\u00e1lokter\u00e9mu \u010desk\u00e9mu fotbalistovi se poda\u0159ilo ovl\u00e1dnout srdce fanou\u0161k\u016f v\u00a0jin\u00e9m st\u00e1t\u011b. Pavlu Nedv\u011bdovi, rod\u00e1kovi z\u00a0Chebu, se t\u00e9to pocty dostalo v\u00a0italsk\u00e9 S\u00e9rii [&hellip;]","datePublished":"2023-05-06","dateModified":"2023-05-06","author":{"@type":"Person","@id":"https:\/\/www.tutumi.cz\/author\/devene\/#Person","name":"devene","url":"https:\/\/www.tutumi.cz\/author\/devene\/","identifier":1,"image":{"@type":"ImageObject","@id":"https:\/\/secure.gravatar.com\/avatar\/831abbcc684823965c5caa39ae4561083127c8aedfe9e524c6cecc176998c733?s=96&d=mm&r=g","url":"https:\/\/secure.gravatar.com\/avatar\/831abbcc684823965c5caa39ae4561083127c8aedfe9e524c6cecc176998c733?s=96&d=mm&r=g","height":96,"width":96}},"publisher":{"@type":"Organization","name":"tutumi.cz","logo":{"@type":"ImageObject","@id":"\/logo.png","url":"\/logo.png","width":600,"height":60}},"image":{"@type":"ImageObject","@id":"https:\/\/www.tutumi.cz\/wp-content\/uploads\/img_a339064_w2138_t1552301721.jpg","url":"https:\/\/www.tutumi.cz\/wp-content\/uploads\/img_a339064_w2138_t1552301721.jpg","height":0,"width":0},"url":"https:\/\/www.tutumi.cz\/grande-paolo-ceska-fotbalova-legenda-ktera-si-podmanila-italii\/","wordCount":482,"articleBody":"M\u00e1lokter\u00e9mu \u010desk\u00e9mu fotbalistovi se poda\u0159ilo ovl\u00e1dnout srdce fanou\u0161k\u016f v\u00a0jin\u00e9m st\u00e1t\u011b. Pavlu Nedv\u011bdovi, rod\u00e1kovi z\u00a0Chebu, se t\u00e9to pocty dostalo v\u00a0italsk\u00e9 S\u00e9rii A. B\u011bhem 13 let v\u00a0tam\u011bj\u0161\u00ed si vydobyl pozici jednoho z\u00a0nejlep\u0161\u00edch z\u00e1lo\u017en\u00edk\u016f fotbalov\u00e9 historie.\tZa\u010d\u00e1tky\tPrvn\u00ed fotbalov\u00e9 kr\u016f\u010dky za\u010dal Pavel d\u011blat v\u00a0klubu Tatran Skaln\u00e1, odkud zam\u00ed\u0159il do Chebu a Plzn\u011b. V\u00a0roce 1991 si jej v\u0161imli funkcion\u00e1\u0159i Dukly Praha. Na Julisce str\u00e1vil jednu sez\u00f3nu. V\u00a0premi\u00e9rov\u00e9 ligov\u00e9 sez\u00f3n\u011b si p\u0159ipsal t\u0159i g\u00f3ly. V\u00a0l\u00e9t\u011b roku 1992 podepsal smlouvu s\u00a0pra\u017eskou Spartou. Tento krok byl z\u00e1sadn\u00edm v\u00a0jeho kari\u00e9\u0159e, nebo\u0165 ve Spart\u011b pod\u00e1val skv\u011bl\u00e9 v\u00fdkony, a jeliko\u017e leten\u0161t\u00ed byli pravideln\u00fdmi \u00fa\u010dastn\u00edky evropsk\u00fdch poh\u00e1r\u016f, za\u010daly se o n\u011bj zaj\u00edmat v\u011bhlasn\u00e9 zahrani\u010dn\u00ed kluby. B\u011bhem let 1992 a\u017e 1996 odehr\u00e1l ve Spart\u011b 93 z\u00e1pas\u016f a vst\u0159elil 23 branek. Roku 1996 se sparta dohodla s\u00a0italsk\u00fdm Laziem \u0158\u00edm na hr\u00e1\u010dov\u011b transferu.\tIt\u00e1lie\tZa Lazio \u0158\u00edm odkopal nakonec 137 z\u00e1pas\u016f a p\u0159ipsal na sv\u00e9 konto 33 branek. Mnohem v\u011bt\u0161\u00edm p\u0159\u00ednosem ne\u017e g\u00f3ly byl jeho neuv\u011b\u0159iteln\u00fd p\u0159ehled na h\u0159i\u0161ti, z\u00a0\u010deho\u017e plynuly geni\u00e1ln\u00ed fin\u00e1ln\u00ed p\u0159ihr\u00e1vky. Stal se dvorn\u00edm nahr\u00e1va\u010dem. S\u00a0Laziem v\u00a0roce 1999 dokr\u00e1\u010del a\u017e k\u00a0titulu v\u00a0Poh\u00e1ru v\u00edt\u011bz\u016f. Nejv\u011bt\u0161\u00ed d\u00edru do sv\u011bta ale ud\u011blal a\u017e po p\u0159estupu do Juventusu Tur\u00edn. Pr\u00e1v\u011b zde dos\u00e1hl nejv\u011bt\u0161\u00edch \u00fasp\u011bch\u016f. Vyhr\u00e1l s\u00a0n\u00edm Scudetto \u2013 titul mistra Serie A a to hned dvakr\u00e1t v\u00a0letech 2002 a 2003. V\u00a0roce 2003 skon\u010dil Juventus druh\u00fd v\u00a0Lize mistr\u016f, a\u010dkoliv s\u00e1m ve v\u00edt\u011bzn\u00e9m fin\u00e1lov\u00e9m utk\u00e1n\u00ed kv\u016fli karetn\u00edmu trestu nehr\u00e1l. Mo\u017en\u00e1 i kv\u016fli tomu italsk\u00fd t\u00fdm prohr\u00e1l v\u00a0penaltov\u00e9m rozst\u0159elu proti dal\u0161\u00edmu italsk\u00e9mu celku AC Mil\u00e1n. D\u00edky poveden\u00e9 sez\u00f3n\u011b z\u00edskal v\u00a0tom sam\u00e9m roce i Zlat\u00fd m\u00ed\u010d pro nejlep\u0161\u00edho fotbalistu Evropy (druh\u00fd \u010cech po Josefu Masopustovi).\t\tReprezentace\tJi\u017e za sv\u00e9ho p\u016fsoben\u00ed ve Spart\u011b Pavel Nedv\u011bd nakoukl do reprezentace a stal se t\u00e9m\u011b\u0159 ihned nejd\u016fle\u017eit\u011bj\u0161\u00edm hr\u00e1\u010dem. K\u00a0jeho nejv\u011bt\u0161\u00edm \u00fasp\u011bch\u016fm reprezenta\u010dn\u00ed kari\u00e9ry pat\u0159\u00ed druh\u00e9 m\u00edsto na ME 1996 v\u00a0Anglii a t\u0159et\u00ed m\u00edsto na ME 2004 v\u00a0\u0158ecku. Reprezenta\u010dn\u00ed kari\u00e9ru ukon\u010dil v\u00a0roce 2006.Jako hr\u00e1\u010d se s\u00a0profesion\u00e1ln\u00ed kari\u00e9rou rozlou\u010dil jako hr\u00e1\u010d Juventusu v\u00a0roce 2009. U fotbalu z\u016fstal jako funkcion\u00e1\u0159 v\u00a0tom sam\u00e9m t\u00fdmu, kde byl v\u00a0roce 2015 zvolen viceprezidentem                                                                                                                                                                                                                                                                                                                                                                                        4.3\/5 - (10 votes)        "},{"@context":"https:\/\/schema.org\/","@type":"BreadcrumbList","itemListElement":[{"@type":"ListItem","position":1,"name":"Grande Paolo \u2013 \u010desk\u00e1 fotbalov\u00e1 legenda, kter\u00e1 si podmanila It\u00e1lii","item":"https:\/\/www.tutumi.cz\/grande-paolo-ceska-fotbalova-legenda-ktera-si-podmanila-italii\/#breadcrumbitem"}]}]