[{"@context":"https:\/\/schema.org\/","@type":"Article","@id":"https:\/\/www.tutumi.cz\/je-solarium-pred-letem-vhodna-volba\/#Article","mainEntityOfPage":"https:\/\/www.tutumi.cz\/je-solarium-pred-letem-vhodna-volba\/","headline":"Je sol\u00e1rium p\u0159ed l\u00e9tem vhodn\u00e1 volba?","name":"Je sol\u00e1rium p\u0159ed l\u00e9tem vhodn\u00e1 volba?","description":"V\u0161ichni u\u017e netrp\u011bliv\u011b vyhl\u00ed\u017e\u00edme dny, kdy se za\u010dne oteplovat a nastane op\u011bt l\u00e9to. A proto\u017ee je l\u00e9to u\u017e za dve\u0159mi, [&hellip;]","datePublished":"2023-05-06","dateModified":"2023-05-06","author":{"@type":"Person","@id":"https:\/\/www.tutumi.cz\/author\/devene\/#Person","name":"devene","url":"https:\/\/www.tutumi.cz\/author\/devene\/","identifier":1,"image":{"@type":"ImageObject","@id":"https:\/\/secure.gravatar.com\/avatar\/831abbcc684823965c5caa39ae4561083127c8aedfe9e524c6cecc176998c733?s=96&d=mm&r=g","url":"https:\/\/secure.gravatar.com\/avatar\/831abbcc684823965c5caa39ae4561083127c8aedfe9e524c6cecc176998c733?s=96&d=mm&r=g","height":96,"width":96}},"publisher":{"@type":"Organization","name":"tutumi.cz","logo":{"@type":"ImageObject","@id":"\/logo.png","url":"\/logo.png","width":600,"height":60}},"image":{"@type":"ImageObject","@id":"https:\/\/www.tutumi.cz\/wp-content\/uploads\/img_a311081_w2135_t1522048313.jpg","url":"https:\/\/www.tutumi.cz\/wp-content\/uploads\/img_a311081_w2135_t1522048313.jpg","height":0,"width":0},"url":"https:\/\/www.tutumi.cz\/je-solarium-pred-letem-vhodna-volba\/","wordCount":462,"articleBody":"V\u0161ichni u\u017e netrp\u011bliv\u011b vyhl\u00ed\u017e\u00edme dny, kdy se za\u010dne oteplovat a nastane op\u011bt l\u00e9to. A proto\u017ee je l\u00e9to u\u017e za dve\u0159mi, mnoho lid\u00ed pl\u00e1nuje dovolenou. Po ne\u00faprosn\u00e9 a dlouh\u00e9 zim\u011b jsme v\u0161ichni bled\u00ed a op\u00e1len\u00ed z leto\u0161n\u00edho roku u\u017e opravdu nikomu nevydr\u017eelo. Proto se mnoho lid\u00ed obrac\u00ed na slu\u017eby, kter\u00e9 poskytuje sol\u00e1rium, pro mo\u017enost z\u00edsk\u00e1n\u00ed takzvan\u00e9ho \u201ez\u00e1kladu\u201c pro jejich poko\u017eku.\tSol\u00e1rium v ka\u017ed\u00e9m v\u011bkuVyu\u017e\u00edt um\u011bl\u00e9 horsk\u00e9 slunce, jak\u00fdm je sol\u00e1rium dnes u\u017e cht\u011bj\u00ed jak mlad\u00ed, tak star\u0161\u00ed lidi. P\u00e1r minut str\u00e1ven\u00fdch p\u0159i um\u011bl\u00e9m oza\u0159ov\u00e1n\u00ed v sol\u00e1riu, m\u00e1 za v\u00fdsledek op\u00e1len\u00ed jako po jednom dni pobytu na slunci. Op\u00e1len\u00e1 poko\u017eka vypad\u00e1 sexy, p\u0159ita\u017eliv\u011b a kr\u00e1sn\u011b, proto mnoho lid\u00ed nev\u00e1h\u00e1 vyu\u017e\u00edt tuto slu\u017ebu, kter\u00e1 jim op\u00e1len\u00ed poskytne hrav\u011b a okam\u017eit\u011b.\tStatistiky a rizika nejsou jen tak pro legraciTak jako dlouh\u00fd pobyt v l\u00e9t\u011b na slun\u00ed\u010dku, kter\u00fd je \u0161kodliv\u00fd, tak i um\u011bl\u00e9 oza\u0159ov\u00e1n\u00ed je nebezpe\u010dn\u00e9 a nese sebou rizika. V\u011bt\u0161in\u011b lidem jsou v\u0161echna rizika zn\u00e1m\u00e1 a v\u011bd\u00ed o nich, ale nijak jich neovliv\u0148uje p\u0159edstava, \u017ee jsou i v\u011bdecky dok\u00e1z\u00e1na. Statistiky v\u0161ak mluv\u00ed jasn\u011b, a to \u017ee sol\u00e1rium ro\u010dn\u011b p\u0159in\u00e1\u0161\u00ed zdravotn\u00ed probl\u00e9my lidem, kte\u0159\u00ed ho nav\u0161t\u011bvuj\u00ed. Zhoubn\u00e9 melanomy a n\u00e1dory k\u016f\u017ee jsou d\u016fkazem, \u017ee sol\u00e1rium nen\u00ed jen o zkr\u00e1\u0161len\u00ed a obarven\u00ed poko\u017eky, ale i o nemocech, kter\u00e9 UV z\u00e1\u0159en\u00ed p\u0159in\u00e1\u0161\u00ed.\tSamoopalovac\u00ed kr\u00e9my, spreje a p\u011bnyNevinn\u011bj\u0161\u00ed variantou (pro pot\u0159ebu op\u00e1lit se um\u011bl\u00fdm zp\u016fsobem) je velk\u00fd sortiment samoopalovac\u00edch p\u0159\u00edpravku, kter\u00e9 se setk\u00e1vaj\u00ed s kladn\u00fdmi i z\u00e1porn\u00fdmi recenzemi. V prvn\u00ed \u0159ad\u011b z\u00e1le\u017e\u00ed na kvalit\u011b dan\u00e9ho p\u0159\u00edpravku, cena by tedy m\u011bla odpov\u00eddat i \u00fa\u010dinku. S \u010d\u00edm se v\u0161ak mnoho lid\u00ed p\u0159i pou\u017eit\u00ed t\u011bchto p\u0159\u00edpravk\u016f setk\u00e1v\u00e1 je, \u017ee zp\u016fsobuj\u00ed skvrny a n\u011bkter\u00e9 z nich obsahuj\u00ed alergick\u00e9 l\u00e1tky.Je dobr\u00e9 kl\u00e1st si tedy ot\u00e1zku, co je d\u016fle\u017eit\u011bj\u0161\u00ed, jestli je to kr\u00e1sa a obarven\u00ed k\u016f\u017ee nebo zdrav\u00ed a probl\u00e9my, kter\u00e9 m\u016f\u017eou b\u00fdt trval\u00e9.Pobyt v sol\u00e1riu, ale i na p\u0159irozen\u00e9m slun\u00ed\u010dku by m\u011bl b\u00fdt z hlediska v\u00fdzkum\u016f omezen\u00fd do takov\u00e9 m\u00edry, aby se p\u0159ede\u0161lo mo\u017en\u00fdm nep\u0159\u00edjemnostem a ohro\u017een\u00ed na va\u0161em zdrav\u00ed.                                                                                                                                                                                                                                                                                                                                                                                        4.7\/5 - (3 votes)        "},{"@context":"https:\/\/schema.org\/","@type":"BreadcrumbList","itemListElement":[{"@type":"ListItem","position":1,"name":"Je sol\u00e1rium p\u0159ed l\u00e9tem vhodn\u00e1 volba?","item":"https:\/\/www.tutumi.cz\/je-solarium-pred-letem-vhodna-volba\/#breadcrumbitem"}]}]