[{"@context":"https:\/\/schema.org\/","@type":"Blog","@id":"https:\/\/www.tutumi.cz#Blog","headline":"Tutumi","description":"\nBylo by f\u00e9r, kdyby ka\u017ed\u00fd \u017eil na \u00farovni odpov\u00eddaj\u00edc\u00ed tomu, co doty\u010dn\u00fd ud\u011blal pro druh\u00e9. Ale v praxi tomu tak nejednou neb\u00fdv\u00e1. A co kdy\u017e se n\u011bkomu v\u016fbec neda\u0159\u00ed?","url":"https:\/\/www.tutumi.cz","hasPart":[{"@type":"Article","@id":"https:\/\/www.tutumi.cz\/stehovani-spojene-s-vyklizenim\/","headline":"St\u011bhov\u00e1n\u00ed spojen\u00e9 s vykl\u00edzen\u00edm","url":"https:\/\/www.tutumi.cz\/stehovani-spojene-s-vyklizenim\/","datePublished":"2025-11-10","dateModified":"2025-11-10","mainEntityOfPage":"https:\/\/www.tutumi.cz\/stehovani-spojene-s-vyklizenim\/","author":{"@type":"Person","@id":"https:\/\/www.tutumi.cz\/author\/devene\/#Person","name":"devene","url":"https:\/\/www.tutumi.cz\/author\/devene\/","identifier":1,"image":{"@type":"ImageObject","@id":"https:\/\/secure.gravatar.com\/avatar\/831abbcc684823965c5caa39ae4561083127c8aedfe9e524c6cecc176998c733?s=96&d=mm&r=g","url":"https:\/\/secure.gravatar.com\/avatar\/831abbcc684823965c5caa39ae4561083127c8aedfe9e524c6cecc176998c733?s=96&d=mm&r=g","height":96,"width":96}},"publisher":{"@type":"Organization","name":"tutumi.cz","logo":{"@type":"ImageObject","@id":"\/logo.png","url":"\/logo.png","width":600,"height":60}},"image":{"@type":"ImageObject","@id":"https:\/\/www.tutumi.cz\/wp-content\/uploads\/cards-8594729_640_2.jpg","url":"https:\/\/www.tutumi.cz\/wp-content\/uploads\/cards-8594729_640_2.jpg","height":0,"width":0},"wordCount":524,"keywords":null},{"@type":"Article","@id":"https:\/\/www.tutumi.cz\/interierove-dvere\/","headline":"Interi\u00e9rov\u00e9 dve\u0159e","url":"https:\/\/www.tutumi.cz\/interierove-dvere\/","datePublished":"2025-10-07","dateModified":"2025-10-07","mainEntityOfPage":"https:\/\/www.tutumi.cz\/interierove-dvere\/","author":{"@type":"Person","@id":"https:\/\/www.tutumi.cz\/author\/devene\/#Person","name":"devene","url":"https:\/\/www.tutumi.cz\/author\/devene\/","identifier":1,"image":{"@type":"ImageObject","@id":"https:\/\/secure.gravatar.com\/avatar\/831abbcc684823965c5caa39ae4561083127c8aedfe9e524c6cecc176998c733?s=96&d=mm&r=g","url":"https:\/\/secure.gravatar.com\/avatar\/831abbcc684823965c5caa39ae4561083127c8aedfe9e524c6cecc176998c733?s=96&d=mm&r=g","height":96,"width":96}},"publisher":{"@type":"Organization","name":"tutumi.cz","logo":{"@type":"ImageObject","@id":"\/logo.png","url":"\/logo.png","width":600,"height":60}},"image":{"@type":"ImageObject","@id":"https:\/\/www.tutumi.cz\/wp-content\/uploads\/doorknob-2163643_640.jpg","url":"https:\/\/www.tutumi.cz\/wp-content\/uploads\/doorknob-2163643_640.jpg","height":0,"width":0},"wordCount":542,"keywords":null},{"@type":"Article","@id":"https:\/\/www.tutumi.cz\/jak-se-zbavit-prebytecnych-kil\/","headline":"Jak se zbavit p\u0159ebyte\u010dn\u00fdch kil?","url":"https:\/\/www.tutumi.cz\/jak-se-zbavit-prebytecnych-kil\/","datePublished":"2025-09-04","dateModified":"2025-09-04","mainEntityOfPage":"https:\/\/www.tutumi.cz\/jak-se-zbavit-prebytecnych-kil\/","author":{"@type":"Person","@id":"https:\/\/www.tutumi.cz\/author\/devene\/#Person","name":"devene","url":"https:\/\/www.tutumi.cz\/author\/devene\/","identifier":1,"image":{"@type":"ImageObject","@id":"https:\/\/secure.gravatar.com\/avatar\/831abbcc684823965c5caa39ae4561083127c8aedfe9e524c6cecc176998c733?s=96&d=mm&r=g","url":"https:\/\/secure.gravatar.com\/avatar\/831abbcc684823965c5caa39ae4561083127c8aedfe9e524c6cecc176998c733?s=96&d=mm&r=g","height":96,"width":96}},"publisher":{"@type":"Organization","name":"tutumi.cz","logo":{"@type":"ImageObject","@id":"\/logo.png","url":"\/logo.png","width":600,"height":60}},"image":{"@type":"ImageObject","@id":"https:\/\/www.tutumi.cz\/wp-content\/uploads\/fuu-j-Fu7RNjl-pW0-unsplash.jpg","url":"https:\/\/www.tutumi.cz\/wp-content\/uploads\/fuu-j-Fu7RNjl-pW0-unsplash.jpg","height":0,"width":0},"wordCount":569,"keywords":null},{"@type":"Article","@id":"https:\/\/www.tutumi.cz\/hlavu-vzhuru\/","headline":"Hlavu vzh\u016fru","url":"https:\/\/www.tutumi.cz\/hlavu-vzhuru\/","datePublished":"2025-08-29","dateModified":"2025-08-29","mainEntityOfPage":"https:\/\/www.tutumi.cz\/hlavu-vzhuru\/","author":{"@type":"Person","@id":"https:\/\/www.tutumi.cz\/author\/devene\/#Person","name":"devene","url":"https:\/\/www.tutumi.cz\/author\/devene\/","identifier":1,"image":{"@type":"ImageObject","@id":"https:\/\/secure.gravatar.com\/avatar\/831abbcc684823965c5caa39ae4561083127c8aedfe9e524c6cecc176998c733?s=96&d=mm&r=g","url":"https:\/\/secure.gravatar.com\/avatar\/831abbcc684823965c5caa39ae4561083127c8aedfe9e524c6cecc176998c733?s=96&d=mm&r=g","height":96,"width":96}},"publisher":{"@type":"Organization","name":"tutumi.cz","logo":{"@type":"ImageObject","@id":"\/logo.png","url":"\/logo.png","width":600,"height":60}},"image":null,"wordCount":214,"keywords":null},{"@type":"Article","@id":"https:\/\/www.tutumi.cz\/machovo-jezero-ubytovani-je-prijemna-volba-se-vsim-vsudy\/","headline":"M\u00e1chovo jezero ubytov\u00e1n\u00ed je p\u0159\u00edjemn\u00e1 volba se v\u0161\u00edm v\u0161udy","url":"https:\/\/www.tutumi.cz\/machovo-jezero-ubytovani-je-prijemna-volba-se-vsim-vsudy\/","datePublished":"2025-08-23","dateModified":"2025-08-23","mainEntityOfPage":"https:\/\/www.tutumi.cz\/machovo-jezero-ubytovani-je-prijemna-volba-se-vsim-vsudy\/","author":{"@type":"Person","@id":"https:\/\/www.tutumi.cz\/author\/devene\/#Person","name":"devene","url":"https:\/\/www.tutumi.cz\/author\/devene\/","identifier":1,"image":{"@type":"ImageObject","@id":"https:\/\/secure.gravatar.com\/avatar\/831abbcc684823965c5caa39ae4561083127c8aedfe9e524c6cecc176998c733?s=96&d=mm&r=g","url":"https:\/\/secure.gravatar.com\/avatar\/831abbcc684823965c5caa39ae4561083127c8aedfe9e524c6cecc176998c733?s=96&d=mm&r=g","height":96,"width":96}},"publisher":{"@type":"Organization","name":"tutumi.cz","logo":{"@type":"ImageObject","@id":"\/logo.png","url":"\/logo.png","width":600,"height":60}},"image":null,"wordCount":203,"keywords":null},{"@type":"Article","@id":"https:\/\/www.tutumi.cz\/chytre-rizeni-susicky-pradla-z-pretoku\/","headline":"Chytr\u00e9 \u0159\u00edzen\u00ed su\u0161i\u010dky pr\u00e1dla z p\u0159etok\u016f","url":"https:\/\/www.tutumi.cz\/chytre-rizeni-susicky-pradla-z-pretoku\/","datePublished":"2025-08-19","dateModified":"2025-08-19","mainEntityOfPage":"https:\/\/www.tutumi.cz\/chytre-rizeni-susicky-pradla-z-pretoku\/","author":{"@type":"Person","@id":"https:\/\/www.tutumi.cz\/author\/devene\/#Person","name":"devene","url":"https:\/\/www.tutumi.cz\/author\/devene\/","identifier":1,"image":{"@type":"ImageObject","@id":"https:\/\/secure.gravatar.com\/avatar\/831abbcc684823965c5caa39ae4561083127c8aedfe9e524c6cecc176998c733?s=96&d=mm&r=g","url":"https:\/\/secure.gravatar.com\/avatar\/831abbcc684823965c5caa39ae4561083127c8aedfe9e524c6cecc176998c733?s=96&d=mm&r=g","height":96,"width":96}},"publisher":{"@type":"Organization","name":"tutumi.cz","logo":{"@type":"ImageObject","@id":"\/logo.png","url":"\/logo.png","width":600,"height":60}},"image":{"@type":"ImageObject","@id":"https:\/\/www.tutumi.cz\/wp-content\/uploads\/panel_N2nIlO.jpg","url":"https:\/\/www.tutumi.cz\/wp-content\/uploads\/panel_N2nIlO.jpg","height":0,"width":0},"wordCount":695,"keywords":null},{"@type":"Article","@id":"https:\/\/www.tutumi.cz\/tenka-hranice-takrka-k-nerozeznani\/","headline":"Tenk\u00e1 hranice tak\u0159ka k nerozezn\u00e1n\u00ed","url":"https:\/\/www.tutumi.cz\/tenka-hranice-takrka-k-nerozeznani\/","datePublished":"2025-08-17","dateModified":"2025-08-17","mainEntityOfPage":"https:\/\/www.tutumi.cz\/tenka-hranice-takrka-k-nerozeznani\/","author":{"@type":"Person","@id":"https:\/\/www.tutumi.cz\/author\/devene\/#Person","name":"devene","url":"https:\/\/www.tutumi.cz\/author\/devene\/","identifier":1,"image":{"@type":"ImageObject","@id":"https:\/\/secure.gravatar.com\/avatar\/831abbcc684823965c5caa39ae4561083127c8aedfe9e524c6cecc176998c733?s=96&d=mm&r=g","url":"https:\/\/secure.gravatar.com\/avatar\/831abbcc684823965c5caa39ae4561083127c8aedfe9e524c6cecc176998c733?s=96&d=mm&r=g","height":96,"width":96}},"publisher":{"@type":"Organization","name":"tutumi.cz","logo":{"@type":"ImageObject","@id":"\/logo.png","url":"\/logo.png","width":600,"height":60}},"image":null,"wordCount":217,"keywords":null},{"@type":"Article","@id":"https:\/\/www.tutumi.cz\/bude-se-jim-u-vas-libit\/","headline":"Bude se jim u v\u00e1s l\u00edbit","url":"https:\/\/www.tutumi.cz\/bude-se-jim-u-vas-libit\/","datePublished":"2025-08-14","dateModified":"2025-08-14","mainEntityOfPage":"https:\/\/www.tutumi.cz\/bude-se-jim-u-vas-libit\/","author":{"@type":"Person","@id":"https:\/\/www.tutumi.cz\/author\/devene\/#Person","name":"devene","url":"https:\/\/www.tutumi.cz\/author\/devene\/","identifier":1,"image":{"@type":"ImageObject","@id":"https:\/\/secure.gravatar.com\/avatar\/831abbcc684823965c5caa39ae4561083127c8aedfe9e524c6cecc176998c733?s=96&d=mm&r=g","url":"https:\/\/secure.gravatar.com\/avatar\/831abbcc684823965c5caa39ae4561083127c8aedfe9e524c6cecc176998c733?s=96&d=mm&r=g","height":96,"width":96}},"publisher":{"@type":"Organization","name":"tutumi.cz","logo":{"@type":"ImageObject","@id":"\/logo.png","url":"\/logo.png","width":600,"height":60}},"image":null,"wordCount":211,"keywords":null},{"@type":"Article","@id":"https:\/\/www.tutumi.cz\/jako-za-detskych-let\/","headline":"Jako za d\u011btsk\u00fdch let","url":"https:\/\/www.tutumi.cz\/jako-za-detskych-let\/","datePublished":"2025-08-07","dateModified":"2025-08-07","mainEntityOfPage":"https:\/\/www.tutumi.cz\/jako-za-detskych-let\/","author":{"@type":"Person","@id":"https:\/\/www.tutumi.cz\/author\/devene\/#Person","name":"devene","url":"https:\/\/www.tutumi.cz\/author\/devene\/","identifier":1,"image":{"@type":"ImageObject","@id":"https:\/\/secure.gravatar.com\/avatar\/831abbcc684823965c5caa39ae4561083127c8aedfe9e524c6cecc176998c733?s=96&d=mm&r=g","url":"https:\/\/secure.gravatar.com\/avatar\/831abbcc684823965c5caa39ae4561083127c8aedfe9e524c6cecc176998c733?s=96&d=mm&r=g","height":96,"width":96}},"publisher":{"@type":"Organization","name":"tutumi.cz","logo":{"@type":"ImageObject","@id":"\/logo.png","url":"\/logo.png","width":600,"height":60}},"image":null,"wordCount":210,"keywords":null},{"@type":"Article","@id":"https:\/\/www.tutumi.cz\/kde-najit-zubniho-lekare\/","headline":"Kde naj\u00edt zubn\u00edho l\u00e9ka\u0159e?","url":"https:\/\/www.tutumi.cz\/kde-najit-zubniho-lekare\/","datePublished":"2025-08-03","dateModified":"2025-08-03","mainEntityOfPage":"https:\/\/www.tutumi.cz\/kde-najit-zubniho-lekare\/","author":{"@type":"Person","@id":"https:\/\/www.tutumi.cz\/author\/devene\/#Person","name":"devene","url":"https:\/\/www.tutumi.cz\/author\/devene\/","identifier":1,"image":{"@type":"ImageObject","@id":"https:\/\/secure.gravatar.com\/avatar\/831abbcc684823965c5caa39ae4561083127c8aedfe9e524c6cecc176998c733?s=96&d=mm&r=g","url":"https:\/\/secure.gravatar.com\/avatar\/831abbcc684823965c5caa39ae4561083127c8aedfe9e524c6cecc176998c733?s=96&d=mm&r=g","height":96,"width":96}},"publisher":{"@type":"Organization","name":"tutumi.cz","logo":{"@type":"ImageObject","@id":"\/logo.png","url":"\/logo.png","width":600,"height":60}},"image":{"@type":"ImageObject","@id":"https:\/\/www.tutumi.cz\/wp-content\/uploads\/dentist-1639683_640_10_10_10_10_10_10_10_4.jpg","url":"https:\/\/www.tutumi.cz\/wp-content\/uploads\/dentist-1639683_640_10_10_10_10_10_10_10_4.jpg","height":0,"width":0},"wordCount":564,"keywords":null}]},{"@context":"https:\/\/schema.org","@type":"WebSite","@id":"https:\/\/www.tutumi.cz\/#website","name":"Tutumi","url":"https:\/\/www.tutumi.cz","potentialAction":{"@type":"SearchAction","target":"https:\/\/www.tutumi.cz\/?s={search_term_string}","query-input":"required name=search_term_string"}}]